{"id":4359,"date":"2025-12-16T16:16:33","date_gmt":"2025-12-16T14:16:33","guid":{"rendered":"https:\/\/elburgo-burgelu.eus\/burgeluko-udalerria-espainiako-herri-magikoen-sarean-sartu-da\/"},"modified":"2025-12-16T16:20:03","modified_gmt":"2025-12-16T14:20:03","slug":"burgeluko-udalerria-espainiako-herri-magikoen-sarean-sartu-da","status":"publish","type":"post","link":"https:\/\/elburgo-burgelu.eus\/eu\/burgeluko-udalerria-espainiako-herri-magikoen-sarean-sartu-da\/","title":{"rendered":"Burgeluko udalerria Espainiako Herri Magikoen Sarean sartu da."},"content":{"rendered":"\n<p>Burgeluko udalerria 2026ko edizioan sare horretan sartzeko aukeratua izan da. Urtero, Espainiako Herri Magikoek argi berriak erakusten dituzte mapan. Hiri handietatik eta zirkuitu aseetatik ez datozen argiak, baizik eta beren erritmoan taupadaka jarraitzen duten herrietatik datozenak, historiaren indarrarekin eta nor den ahazten ez duenaren patxadarekin.<strong> Espainiako herri magikoa izatea ez da sari bat, ezta erakusleiho bat ere; <\/strong>benetakotasunarekiko, ondarearekiko eta landabizitzarekiko konpromisoa da, bere burua berrasmatzen duena eta bisitariari ateak irekitzen dizkiona, bere esentzia galdu gabe  <\/p>\n\n<div style=\"height:27px\" aria-hidden=\"true\" class=\"wp-block-spacer\"><\/div>\n\n<p>El Municipio de Elburgo ha sido seleccionado para incorporase a esta gran red consolidando proyecto. Son pueblos que huelen a piedra y a pan, que suenan a fiestas patronales, a vino nuevo, a iglesia vieja, a plaza de conversaci\u00f3n y a silencio de campo. Son destinos que apuestan por la sostenibilidad, le cooperaci\u00f3n, la identidad, la solidaridad y la emoci\u00f3n compartida.  <\/p>\n\n<div style=\"height:27px\" aria-hidden=\"true\" class=\"wp-block-spacer\"><\/div>\n\n<p><strong>Burgeluko udalerria sare handi horretan sartzeko aukeratua izan da, proiektu bat sendotuz. Harri eta ogi <br\/>usaina duten herriak dira, herriko jaien, ardo berriaren, eliza zaharraren, elkarrizketa-plazaren eta landaisiltasunaren kutsua dutenak. Jasangarritasunaren, lankidetzaren, identitatearen, elkartasunaren eta emozio partekatuaren aldeko <br\/>apustua egiten duten helmugak dira.<\/strong> Burgeluko udalerria 2026ko Espainiako Herri Magiko berria da, garenaren zaindari eta oraindik izan gaitezkeenaren sustatzaile. Arabako Lautadan, Burgeluko udalerriak euskal arkitektura eta nekazaritza-paisaia uztartzen ditu. Landutako armarriak dituzten harrizko etxeek, eliza erromaniko eta gotikoek eta zereal eta patata soroak zeharkatzen dituzten bidexkek Euskadi barrena, lasaia eta iraunkorra definitzen dute. <\/p>\n\n<div style=\"height:55px\" aria-hidden=\"true\" class=\"wp-block-spacer\"><\/div>\n\n<figure class=\"wp-block-image size-large\"><a href=\"https:\/\/preview.mailerlite.io\/preview\/781259\/emails\/171583264327206100\" target=\"_blank\" rel=\" noreferrer noopener\"><img fetchpriority=\"high\" decoding=\"async\" width=\"1024\" height=\"1024\" src=\"https:\/\/elburgo-burgelu.eus\/wp-content\/uploads\/2025\/12\/rhqJ2ENUeZrpMKBPV96rn1CEXmjNTdTOUcD3DuMC-1024x1024.png\" alt=\"\" class=\"wp-image-4354\" srcset=\"https:\/\/elburgo-burgelu.eus\/wp-content\/uploads\/2025\/12\/rhqJ2ENUeZrpMKBPV96rn1CEXmjNTdTOUcD3DuMC-1024x1024.png 1024w, https:\/\/elburgo-burgelu.eus\/wp-content\/uploads\/2025\/12\/rhqJ2ENUeZrpMKBPV96rn1CEXmjNTdTOUcD3DuMC-300x300.png 300w, https:\/\/elburgo-burgelu.eus\/wp-content\/uploads\/2025\/12\/rhqJ2ENUeZrpMKBPV96rn1CEXmjNTdTOUcD3DuMC-150x150.png 150w, https:\/\/elburgo-burgelu.eus\/wp-content\/uploads\/2025\/12\/rhqJ2ENUeZrpMKBPV96rn1CEXmjNTdTOUcD3DuMC-768x768.png 768w, https:\/\/elburgo-burgelu.eus\/wp-content\/uploads\/2025\/12\/rhqJ2ENUeZrpMKBPV96rn1CEXmjNTdTOUcD3DuMC-120x120.png 120w, https:\/\/elburgo-burgelu.eus\/wp-content\/uploads\/2025\/12\/rhqJ2ENUeZrpMKBPV96rn1CEXmjNTdTOUcD3DuMC-270x270.png 270w, https:\/\/elburgo-burgelu.eus\/wp-content\/uploads\/2025\/12\/rhqJ2ENUeZrpMKBPV96rn1CEXmjNTdTOUcD3DuMC-60x60.png 60w, https:\/\/elburgo-burgelu.eus\/wp-content\/uploads\/2025\/12\/rhqJ2ENUeZrpMKBPV96rn1CEXmjNTdTOUcD3DuMC-70x70.png 70w, https:\/\/elburgo-burgelu.eus\/wp-content\/uploads\/2025\/12\/rhqJ2ENUeZrpMKBPV96rn1CEXmjNTdTOUcD3DuMC.png 1080w\" sizes=\"(max-width: 1024px) 100vw, 1024px\" \/><\/a><\/figure>\n\n<p><\/p>\n","protected":false},"excerpt":{"rendered":"<p>Burgeluko udalerria 2026ko edizioan sare horretan sartzeko aukeratua izan da. Urtero, Espainiako Herri Magikoek argi berriak erakusten dituzte mapan. Hiri handietatik eta zirkuitu aseetatik ez datozen argiak, baizik eta beren [&hellip;]<\/p>\n","protected":false},"author":4,"featured_media":4355,"comment_status":"closed","ping_status":"closed","sticky":false,"template":"","format":"standard","meta":{"_monsterinsights_skip_tracking":false,"_monsterinsights_sitenote_active":false,"_monsterinsights_sitenote_note":"","_monsterinsights_sitenote_category":0,"footnotes":""},"categories":[46],"tags":[],"class_list":["post-4359","post","type-post","status-publish","format-standard","has-post-thumbnail","hentry","category-2024-eu"],"_links":{"self":[{"href":"https:\/\/elburgo-burgelu.eus\/eu\/wp-json\/wp\/v2\/posts\/4359","targetHints":{"allow":["GET"]}}],"collection":[{"href":"https:\/\/elburgo-burgelu.eus\/eu\/wp-json\/wp\/v2\/posts"}],"about":[{"href":"https:\/\/elburgo-burgelu.eus\/eu\/wp-json\/wp\/v2\/types\/post"}],"author":[{"embeddable":true,"href":"https:\/\/elburgo-burgelu.eus\/eu\/wp-json\/wp\/v2\/users\/4"}],"replies":[{"embeddable":true,"href":"https:\/\/elburgo-burgelu.eus\/eu\/wp-json\/wp\/v2\/comments?post=4359"}],"version-history":[{"count":1,"href":"https:\/\/elburgo-burgelu.eus\/eu\/wp-json\/wp\/v2\/posts\/4359\/revisions"}],"predecessor-version":[{"id":4360,"href":"https:\/\/elburgo-burgelu.eus\/eu\/wp-json\/wp\/v2\/posts\/4359\/revisions\/4360"}],"wp:featuredmedia":[{"embeddable":true,"href":"https:\/\/elburgo-burgelu.eus\/eu\/wp-json\/wp\/v2\/media\/4355"}],"wp:attachment":[{"href":"https:\/\/elburgo-burgelu.eus\/eu\/wp-json\/wp\/v2\/media?parent=4359"}],"wp:term":[{"taxonomy":"category","embeddable":true,"href":"https:\/\/elburgo-burgelu.eus\/eu\/wp-json\/wp\/v2\/categories?post=4359"},{"taxonomy":"post_tag","embeddable":true,"href":"https:\/\/elburgo-burgelu.eus\/eu\/wp-json\/wp\/v2\/tags?post=4359"}],"curies":[{"name":"wp","href":"https:\/\/api.w.org\/{rel}","templated":true}]}}