{"id":4328,"date":"2025-12-12T15:42:25","date_gmt":"2025-12-12T13:42:25","guid":{"rendered":"https:\/\/elburgo-burgelu.eus\/gorostitaldea-jaiotzak-gabonak-2025\/"},"modified":"2025-12-12T15:45:26","modified_gmt":"2025-12-12T13:45:26","slug":"gorostitaldea-jaiotzak-gabonak-2025","status":"publish","type":"post","link":"https:\/\/elburgo-burgelu.eus\/eu\/gorostitaldea-jaiotzak-gabonak-2025\/","title":{"rendered":"GOROSTITALDEA JAIOTZAK- GABONAK 2025"},"content":{"rendered":"\n<p><br\/><strong>2025eko kanpainarako jaiotza eta gabon-eszenen erakusketen zerrenda da hau<\/strong><\/p>\n\n<p>Iglesias de Anua y Arbulo<br\/>. Amplia colecci\u00f3n de belenes &#8220;Gorosti Taldea&#8221; a trav\u00e9s del tiempo.<br\/>. Nota Importante: Se requiere previa cita en el Ayuntamiento para su visita.<br\/>Tel\u00e9fono: 945 420 713 \/ 605 711 282  <\/p>\n\n<div style=\"height:17px\" aria-hidden=\"true\" class=\"wp-block-spacer\"><\/div>\n\n<p>Bizan Arana (C\/ Arag\u00f3n, 5)<br\/>. Armario-escaparate: Ferreter\u00eda Guinea &#8220;la Navidad trabajada&#8221;<br\/>. Misterio sobre banqueta de bamb\u00fa.  <\/p>\n\n<div style=\"height:17px\" aria-hidden=\"true\" class=\"wp-block-spacer\"><\/div>\n\n<p>Gasteiz Luz (C\/ Domingo Beltr\u00e1n, 31)<br\/>. Patera &#8220;Esperanza&#8221; <\/p>\n\n<div style=\"height:17px\" aria-hidden=\"true\" class=\"wp-block-spacer\"><\/div>\n\n<p>Pasteler\u00eda Lurayn (C\/ Pasaje San Pedro, 1 con Siervas de Jes\u00fas acera de enfrente a K\u00f3rkula<br\/>Tours)<br\/>. Bandeja de dos pisos con rosc\u00f3n de Reyes. <\/p>\n\n<div style=\"height:17px\" aria-hidden=\"true\" class=\"wp-block-spacer\"><\/div>\n\n<p>Pasteler\u00eda Txistu (C\/ Benito Guinea, 9)<br\/>. Pastel gigante Carolina. <\/p>\n\n<div style=\"height:17px\" aria-hidden=\"true\" class=\"wp-block-spacer\"><\/div>\n\n<p>Exposici\u00f3n Claustro de El Carmen (C\/ Manuel Iradier, 2)<br\/>. Televisi\u00f3n con Virgen y Ni\u00f1o sobre la guerra.<br\/>. Jaula-prisi\u00f3n con Ni\u00f1o Jes\u00fas asediado por soldados, sobre la guerra en Gaza.<br\/>. &#8220;Euskaljaiotze&#8221;: Nacimiento costumbrista ambientado en una casa ruralt\u00edpica alavesa de Anua.   <\/p>\n\n<div style=\"height:17px\" aria-hidden=\"true\" class=\"wp-block-spacer\"><\/div>\n\n<p>Parador de Arg\u00f3maniz<br\/>. Bel\u00e9n sobre la DA\u00d1A de Valencia.<br\/>. Escena navide\u00f1a en el interior de un viejo piano fabricado en su mayor\u00eda con material reciclado.  <\/p>\n\n<div style=\"height:35px\" aria-hidden=\"true\" class=\"wp-block-spacer\"><\/div>\n\n<div data-wp-interactive=\"core\/file\" class=\"wp-block-file\"><object data-wp-bind--hidden=\"!state.hasPdfPreview\" hidden class=\"wp-block-file__embed\" data=\"https:\/\/elburgo-burgelu.eus\/wp-content\/uploads\/2025\/12\/INFORMACION-BELENES-.pdf\" type=\"application\/pdf\" style=\"width:100%;height:600px\" aria-label=\"Embed of INFORMACION BELENES.\"><\/object><a id=\"wp-block-file--media-2aa63b76-b6c5-4a6e-a927-d3479bdab9e3\" href=\"https:\/\/elburgo-burgelu.eus\/wp-content\/uploads\/2025\/12\/INFORMACION-BELENES-.pdf\">INFORMACION BELENES<\/a><a href=\"https:\/\/elburgo-burgelu.eus\/wp-content\/uploads\/2025\/12\/INFORMACION-BELENES-.pdf\" class=\"wp-block-file__button wp-element-button\" download=\"\" aria-describedby=\"wp-block-file--media-2aa63b76-b6c5-4a6e-a927-d3479bdab9e3\">Deskargatu<\/a><\/div>\n","protected":false},"excerpt":{"rendered":"<p>2025eko kanpainarako jaiotza eta gabon-eszenen erakusketen zerrenda da hau Iglesias de Anua y Arbulo. Amplia colecci\u00f3n de belenes &#8220;Gorosti Taldea&#8221; a trav\u00e9s del tiempo.. Nota Importante: Se requiere previa cita [&hellip;]<\/p>\n","protected":false},"author":4,"featured_media":4324,"comment_status":"closed","ping_status":"closed","sticky":false,"template":"","format":"standard","meta":{"_monsterinsights_skip_tracking":false,"_monsterinsights_sitenote_active":false,"_monsterinsights_sitenote_note":"","_monsterinsights_sitenote_category":0,"footnotes":""},"categories":[46],"tags":[],"class_list":["post-4328","post","type-post","status-publish","format-standard","has-post-thumbnail","hentry","category-2024-eu"],"_links":{"self":[{"href":"https:\/\/elburgo-burgelu.eus\/eu\/wp-json\/wp\/v2\/posts\/4328","targetHints":{"allow":["GET"]}}],"collection":[{"href":"https:\/\/elburgo-burgelu.eus\/eu\/wp-json\/wp\/v2\/posts"}],"about":[{"href":"https:\/\/elburgo-burgelu.eus\/eu\/wp-json\/wp\/v2\/types\/post"}],"author":[{"embeddable":true,"href":"https:\/\/elburgo-burgelu.eus\/eu\/wp-json\/wp\/v2\/users\/4"}],"replies":[{"embeddable":true,"href":"https:\/\/elburgo-burgelu.eus\/eu\/wp-json\/wp\/v2\/comments?post=4328"}],"version-history":[{"count":3,"href":"https:\/\/elburgo-burgelu.eus\/eu\/wp-json\/wp\/v2\/posts\/4328\/revisions"}],"predecessor-version":[{"id":4331,"href":"https:\/\/elburgo-burgelu.eus\/eu\/wp-json\/wp\/v2\/posts\/4328\/revisions\/4331"}],"wp:featuredmedia":[{"embeddable":true,"href":"https:\/\/elburgo-burgelu.eus\/eu\/wp-json\/wp\/v2\/media\/4324"}],"wp:attachment":[{"href":"https:\/\/elburgo-burgelu.eus\/eu\/wp-json\/wp\/v2\/media?parent=4328"}],"wp:term":[{"taxonomy":"category","embeddable":true,"href":"https:\/\/elburgo-burgelu.eus\/eu\/wp-json\/wp\/v2\/categories?post=4328"},{"taxonomy":"post_tag","embeddable":true,"href":"https:\/\/elburgo-burgelu.eus\/eu\/wp-json\/wp\/v2\/tags?post=4328"}],"curies":[{"name":"wp","href":"https:\/\/api.w.org\/{rel}","templated":true}]}}